{"id":256,"count":1,"description":"Bro\u0161\u016bru stat\u012bvu v\u0113rt\u0113 p\u0113c diviem faktoriem: cik \u0101tri tas pace\u013cas un vai tas paliek vertik\u0101li, kad k\u0101ds pa\u0146em apak\u0161\u0113jo bukletu. Visvair\u0101k vil\u0161anos sag\u0101d\u0101 otrais faktors. Vieglie ce\u013cojumu mode\u013ci salok\u0101s vismaz\u0101k un tiek pieg\u0101d\u0101ti visl\u0113t\u0101k; mode\u013ci ar cietu futr\u0101li ir piem\u0113roti, ja stat\u012bvs tiek transport\u0113ts ar kurjeru, nevis automa\u0161\u012bn\u0101; r\u0101mji ar dzi\u013c\u0101k\u0101m kabat\u0101m var notur\u0113t smag\u0101ku materi\u0101lu, neizple\u0161oties. Visiem mode\u013ciem der A4 un DL.","link":"https:\/\/displayproducts.eu\/lv\/c\/boards-presentation\/brochure-holders\/","name":"Bro\u0161\u016bru tur\u0113t\u0101ji","slug":"brochure-holders","taxonomy":"product_cat","parent":241,"meta":{"_product_cat_wysiwyg_description":""},"_links":{"self":[{"href":"https:\/\/displayproducts.eu\/lv\/wp-json\/wp\/v2\/product_cat\/256","targetHints":{"allow":["GET"]}}],"collection":[{"href":"https:\/\/displayproducts.eu\/lv\/wp-json\/wp\/v2\/product_cat"}],"about":[{"href":"https:\/\/displayproducts.eu\/lv\/wp-json\/wp\/v2\/taxonomies\/product_cat"}],"up":[{"embeddable":true,"href":"https:\/\/displayproducts.eu\/lv\/wp-json\/wp\/v2\/product_cat\/241"}],"wp:post_type":[{"href":"https:\/\/displayproducts.eu\/lv\/wp-json\/wp\/v2\/product?product_cat=256"}],"curies":[{"name":"wp","href":"https:\/\/api.w.org\/{rel}","templated":true}]}}